{"id":6817,"date":"2025-06-10T12:28:05","date_gmt":"2025-06-10T12:28:05","guid":{"rendered":"https:\/\/www.transfers-vip.com\/?p=6817"},"modified":"2025-07-11T12:32:47","modified_gmt":"2025-07-11T12:32:47","slug":"location-dun-van-avec-chauffeur-les-prix-a-connaitre-avant-de-reserver","status":"publish","type":"post","link":"https:\/\/www.transfers-vip.com\/fr\/location-dun-van-avec-chauffeur-les-prix-a-connaitre-avant-de-reserver\/","title":{"rendered":"Location d&rsquo;un van avec chauffeur : les prix \u00e0 conna\u00eetre avant de r\u00e9server"},"content":{"rendered":"\n<p>Quand on parle de libert\u00e9, de confort, de d\u00e9placements sans aucun stress \u00e0 Paris, dans toute la r\u00e9gion \u00cele-de-France ou ailleurs en France, pourquoi ne pas se tourner vers la location de van avec chauffeur\u202f? Avec notre \u00e9quipe passionn\u00e9e de service, on l\u2019a remarqu\u00e9\u202f: vous \u00eates de plus en plus nombreux \u00e0 rechercher l\u2019exp\u00e9rience d\u2019un service haut de gamme, fiable et transparent, pour vos transferts a\u00e9roport, mariages, s\u00e9minaires, sorties groupes, ou tout simplement pour profiter d\u2019un trajet entre amis, en famille ou au sein de votre entreprise. Vous vous posez des questions sur les prix, les options, les conditions de r\u00e9servation et la diff\u00e9rence entre une <a href=\"https:\/\/www.transfers-vip.com\/fr\/services\/van-vip-paris\/\">location van paris<\/a> ordinaire et une prestation professionnelle\u202f?&nbsp;<\/p>\n\n\n\n<p>C\u2019est normal. On a v\u00e9cu la m\u00eame h\u00e9sitation au moment de chercher un moyen de transport collectif efficace pour un d\u00e9placement touristique \u00e0 travers l\u2019Europe. \u00c0 chaque recherche, une avalanche de tarifs, de vans ou minibus, de types de v\u00e9hicules, de chauffeurs professionnels aux comp\u00e9tences vari\u00e9es\u202f: alors vous aussi, vous \u00eates perdus entre Mercedes Classe V, <strong>minivan, autocar et service haut de gamme\u202f<\/strong>? Nous, on adore clarifier tout \u00e7a pour vous.<\/p>\n\n\n\n<h2 class=\"wp-block-heading\">Quelles formules sont vraiment faites pour vous\u202f?<\/h2>\n\n\n\n<p>Avant de plonger dans les chiffres, demandez-vous\u202f: avez-vous besoin d\u2019un service de location minibus simple pour une journ\u00e9e, ou r\u00eavez-vous d\u2019une exp\u00e9rience VIP en van Mercedes Classe V Luxe avec toutes les options\u202f? De plus, <a href=\"https:\/\/www.transfers-vip.com\/fr\/le-choix-du-van-ideal-comment-prendre-la-bonne-decision-pour-vos-trajets\/\">quel van choisir<\/a> ? On a tout test\u00e9\u202f: du minivan de douze places pour une excursion en Loire avec nos amis, \u00e0 la gamme premium Classe V pour un transfert entre Roissy Charles de Gaulle et la gare Montparnasse. L\u2019\u00e9cart de prix, la gamme de service et le standing de votre v\u00e9hicule vont tout changer. Et croyez-nous, on vous accompagne \u00e0 chaque \u00e9tape, devis en main\u202f!<\/p>\n\n\n\n<figure class=\"wp-block-embed aligncenter is-type-video is-provider-youtube wp-block-embed-youtube wp-embed-aspect-4-3 wp-has-aspect-ratio\"><div class=\"wp-block-embed__wrapper\">\n<iframe title=\"VAN ou pas VAN, mon point de vue sur ce v\u00e9hicule en VTC.\" width=\"800\" height=\"600\" src=\"https:\/\/www.youtube.com\/embed\/sZNM_FcesL8?feature=oembed\" frameborder=\"0\" allow=\"accelerometer; autoplay; clipboard-write; encrypted-media; gyroscope; picture-in-picture; web-share\" referrerpolicy=\"strict-origin-when-cross-origin\" allowfullscreen><\/iframe>\n<\/div><\/figure>\n\n\n\n<h3 class=\"wp-block-heading\">Van standard ou van luxe\u202f? O\u00f9 est la v\u00e9ritable diff\u00e9rence\u202f?<\/h3>\n\n\n\n<p>Dans notre exp\u00e9rience, si vous cherchez la simplicit\u00e9 et l\u2019efficacit\u00e9 pour transporter huit personnes \u00e0 travers Paris, louer un van standard reste l\u2019option id\u00e9ale, gage d\u2019un tr\u00e8s bon rapport qualit\u00e9-prix. On parle ici de services sobres, d\u2019un v\u00e9hicule fonctionnel, et d\u2019un tarif ma\u00eetris\u00e9. Mais si votre plaisir, c\u2019est la d\u00e9couverte, le confort irr\u00e9prochable, les si\u00e8ges en cuir,<strong> la sellerie premium et la connectivit\u00e9 \u00e0 bord<\/strong>, alors faisons place \u00e0 la classe sup\u00e9rieure\u202f: le fameux Mercedes Classe V ou l\u2019\u00e9l\u00e9gant Sprinter VIP. Pour nous, transporter nos partenaires professionnels lors d\u2019un congr\u00e8s ou offrir \u00e0 nos proches une sortie prestige au mus\u00e9e du Louvre, rien ne remplace l\u2019effet waouh d\u2019un van de luxe.<\/p>\n\n\n\n<p>On aime questionner vos attentes (et parfois les n\u00f4tres)\u202f: chercheriez-vous la sobri\u00e9t\u00e9 d\u2019une gamme standard ou pr\u00e9f\u00e9rez-vous savourer la mont\u00e9e d\u2019adr\u00e9naline qu\u2019offre une s\u00e9rie VIP, packs boissons, wifi haut d\u00e9bit et chauffeur priv\u00e9 inclus\u202f? Certaines entreprises et familles r\u00e9clament le summum pour garantir \u00e0 chaque passager, chaque invit\u00e9, une exp\u00e9rience inoubliable, de la gare parisienne \u00e0 un ch\u00e2teau de la Loire, de Bordeaux \u00e0 Bruxelles ou Lyon\u2026 Et franchement, on comprend\u202f!<\/p>\n\n\n\n<blockquote class=\"wp-block-quote is-layout-flow wp-block-quote-is-layout-flow\">\n<p>Un t\u00e9moignage\u202f? Lors de notre dernier s\u00e9minaire d\u2019entreprise \u00e0 Nantes, tout le monde a \u00e9t\u00e9 bluff\u00e9 par l\u2019accueil \u00e0 la gare, la discr\u00e9tion du chauffeur et la qualit\u00e9 de la mise \u00e0 disposition du minibus pour nos transferts. Pour vous, c\u2019est la tranquillit\u00e9 d\u2019esprit, l\u2019engagement de vrais professionnels qui ont tout anticip\u00e9.<\/p>\n<\/blockquote>\n\n\n\n<h3 class=\"wp-block-heading\">Pour quels \u00e9v\u00e9nements ou trajets la location de van avec chauffeur fait-elle toute la diff\u00e9rence\u202f?<\/h3>\n\n\n\n<p>Chez nous, la r\u00e9ponse est claire\u202f: pour tous les besoins\u202f! Que ce soit pour un transfert Orly, CDG Roissy, un \u00e9v\u00e9nement d\u2019entreprise, une visite touristique de Bordeaux ou une escapade \u00e0 Marseille, r\u00e9server un van avec chauffeur, c\u2019est garantir un transport collectif flexible, adapt\u00e9 \u00e0 la taille de votre groupe. Pourquoi prendre le risque d\u2019un transporteur incertain ou d\u2019un trajet partiellement organis\u00e9\u202f? Nous, \u00e0 chaque sortie scolaire ou circuit touristique en France, on privil\u00e9gie une location minivan ou bus avec chauffeur professionnel pour la s\u00e9curit\u00e9 routi\u00e8re et le confort \u2013 fini les gal\u00e8res de r\u00e9servation en derni\u00e8re minute ou les impr\u00e9vus sur la route.<\/p>\n\n\n\n<p><strong>Pourquoi ne pas consid\u00e9rer la location avec mise \u00e0 disposition d\u2019un chauffeur priv\u00e9<\/strong> pour un tour des principaux mus\u00e9es, une visite de ch\u00e2teau, ou m\u00eame une grande remise professionnelle\u202f? Les \u00e9quipes marketing pendant un roadshow, les familles en circuit d\u00e9couverte ou les amis de passage \u00e0 Paris\u202f: tous se posent la m\u00eame question \u2013 comment profiter pleinement de la ville, sans stress, sans fatigue, avec disponibilit\u00e9 imm\u00e9diate\u202f? On a la solution, et elle s\u2019appelle\u202f: location de van (ou minibus, ou autocar, selon la taille de votre groupe), sur mesure, forfait TTC et engagement sur la qualit\u00e9.<\/p>\n\n\n\n<h3 class=\"wp-block-heading\">Que comprend vraiment notre service de location\u202f?<\/h3>\n\n\n\n<p>On ne va pas tourner autour du pot\u202f: louer avec nous, ce n\u2019est pas juste obtenir un v\u00e9hicule. C\u2019est s\u2019assurer de la pr\u00e9sence d\u2019un chauffeur professionnel avec carte certifi\u00e9e, une politesse et une ponctualit\u00e9 sans faille. Notre promesse\u202f? Un service vraiment personnalis\u00e9\u202f: accueil pancarte \u00e0 votre nom en gare ou a\u00e9roport, gestion des bagages, assistance \u00e0 chaque \u00e9tape de votre trajet, assurance premium, carburant inclus, p\u00e9ages compris et forfait clair. Vous voulez conna\u00eetre le vrai prix, sans suppl\u00e9ment cach\u00e9, ni mauvaise surprise\u202f? Nous aussi, on d\u00e9teste les devis fumeux et les ajouts de derni\u00e8re minute non expliqu\u00e9s\u202f!<\/p>\n\n\n\n<blockquote class=\"wp-block-quote is-layout-flow wp-block-quote-is-layout-flow\">\n<p>Vous h\u00e9sitez encore\u202f: taxi\u202f? VTC\u202f? service standard\u202f? Franchement, pour un confort haut de gamme, une flexibilit\u00e9 d\u2019itin\u00e9raire et la privatisation des v\u00e9hicules \u2013 voiture, van, minibus, bus de Paris ou d\u2019Europe \u2013 la location avec chauffeur professionnel reste imbattable.<\/p>\n<\/blockquote>\n\n\n\n<p><strong>Nous avons d\u00e9j\u00e0 compar\u00e9\u202f: qualit\u00e9 irr\u00e9prochable, s\u00e9curit\u00e9 garantie, et exp\u00e9rience sur-mesure \u2013 c\u2019est notre ADN.<\/strong><\/p>\n\n\n\n<h2 class=\"wp-block-heading\">Une \u00e9quipe passionn\u00e9e par l&rsquo;art du transport haut de gamme<\/h2>\n\n\n\n<p>Chez VIP International, on ne parle pas simplement de location de minibus ou de van avec chauffeur \u00e0 Paris, Bruxelles ou Lyon\u2026 On parle d\u2019une vraie exp\u00e9rience de voyage, pens\u00e9e autour de chaque besoin, chaque destination, chaque minute pass\u00e9e \u00e0 bord. Depuis plus de 25 ans, notre service chauffeur Paris allie qualit\u00e9, discr\u00e9tion, et professionnalisme pour vous offrir bien plus qu\u2019un simple d\u00e9placement.&nbsp;<\/p>\n\n\n\n<p>Que vous soyez une entreprise en s\u00e9minaire, un particulier en transfert a\u00e9roport depuis CDG ou Orly, ou un groupe souhaitant louer un minivan haut de gamme pour visiter les ch\u00e2teaux de la Loire, on adapte notre forfait TTC \u00e0 chaque trajet. Chaque r\u00e9servation est unique, chaque client un partenaire.&nbsp;<\/p>\n\n\n\n<blockquote class=\"wp-block-quote is-layout-flow wp-block-quote-is-layout-flow\">\n<p>Du prix clair, du confort Mercedes Classe V, des chauffeurs professionnels, un r\u00e9seau europ\u00e9en\u2026 et surtout, une passion sinc\u00e8re pour le service. Bienvenue \u00e0 bord, vous allez adorer voyager avec nous.<\/p>\n<\/blockquote>\n\n\n\n<h3 class=\"wp-block-heading\">Quels sont les vrais facteurs qui changent le prix de votre location\u202f?<\/h3>\n\n\n\n<p>On ne va pas mentir\u202f: tout d\u00e9pend de votre choix. Mais alors, quels \u00e9l\u00e9ments font vraiment varier nos tarifs\u202f? Lorsqu\u2019on a voulu organiser un trajet Paris-Lyon pour quinze personnes, la multitude d\u2019options et de prix nous a oblig\u00e9s \u00e0 creuser chaque d\u00e9tail du devis. Pour que ce soit limpide pour vous aussi, entrons dans le concret.<\/p>\n\n\n\n<figure class=\"wp-block-image aligncenter size-large\"><img fetchpriority=\"high\" decoding=\"async\" width=\"1024\" height=\"585\" src=\"https:\/\/www.transfers-vip.com\/wp-content\/uploads\/2025\/07\/image-1024x585.jpg\" alt=\"\" class=\"wp-image-6820\" srcset=\"https:\/\/www.transfers-vip.com\/wp-content\/uploads\/2025\/07\/image-1024x585.jpg 1024w, https:\/\/www.transfers-vip.com\/wp-content\/uploads\/2025\/07\/image-300x171.jpg 300w, https:\/\/www.transfers-vip.com\/wp-content\/uploads\/2025\/07\/image-768x439.jpg 768w, https:\/\/www.transfers-vip.com\/wp-content\/uploads\/2025\/07\/image-1536x878.jpg 1536w, https:\/\/www.transfers-vip.com\/wp-content\/uploads\/2025\/07\/image-460x263.jpg 460w, https:\/\/www.transfers-vip.com\/wp-content\/uploads\/2025\/07\/image-800x457.jpg 800w, https:\/\/www.transfers-vip.com\/wp-content\/uploads\/2025\/07\/image.jpg 1920w\" sizes=\"(max-width: 1024px) 100vw, 1024px\" \/><\/figure>\n\n\n\n<h3 class=\"wp-block-heading\">La taille du van ou du minibus, est-ce \u00e7a qui p\u00e8se le plus\u202f?<\/h3>\n\n\n\n<p>Vous \u00eates deux\u202f? Huit\u202f? Vingt\u202f? La taille de votre groupe conditionne le type de v\u00e9hicule\u202f: Mercedes Classe V Luxe, Sprinter VIP, minibus ou m\u00eame autocar. On ne proposera pas le m\u00eame service pour une sortie familiale ou un grand \u00e9v\u00e9nement professionnel. <strong>Un v\u00e9hicule plus spacieux, plus premium, tire forc\u00e9ment le tarif vers le haut<\/strong>. Pour un service haut de gamme \u00e0 Paris, attendez-vous \u00e0 voir le prix heure osciller entre 110 et 130 euros pour un van Mercedes, plus en demande sur la capitale qu\u2019en province ou \u00e0 Nantes.<\/p>\n\n\n\n<p><strong>Le nombre de passagers influe autant sur le budget<\/strong> que la gamme choisie. Pourquoi choisir un v\u00e9hicule trop grand ou trop petit\u202f? Nous, on vous conseille toujours la juste taille, pour optimiser le prix location et garantir le meilleur niveau de confort, quel que soit le trajet.<\/p>\n\n\n\n<h3 class=\"wp-block-heading\">\u00c0 l\u2019heure, \u00e0 la demi-journ\u00e9e, ou forfait complet\u202f: quelle formule choisir\u202f?<\/h3>\n\n\n\n<p>Ah, le fameux dilemme\u202f: une heure, quelques minutes, ou toute la journ\u00e9e\u202f? Selon le contexte (transfert a\u00e9roport CDG, visite mus\u00e9e du Louvre, mariage au palais), la mise \u00e0 disposition de votre chauffeur varie. Encore aujourd\u2019hui, on opte souvent pour un forfait tout compris, avec carburant et frais inclus \u2013 c\u2019est tout simplement plus simple pour tout le monde. Mais, pour une mission express (genre gare de Paris \u00e0 l\u2019h\u00f4tel pour une famille nombreuse), une facturation \u00e0 la minute ou \u00e0 l\u2019heure est parfois astucieuse. Faites votre demande, et on adapte la solution \u00e0 votre besoin\u202f!<\/p>\n\n\n\n<h3 class=\"wp-block-heading\">Vous partez en province, en Europe, ou \u00e0 Paris\u202f?<\/h3>\n\n\n\n<p><strong>Ne vous \u00e9tonnez pas\u202f: le prix \u00e0 Paris est souvent plus \u00e9lev\u00e9 qu\u2019\u00e0 Nantes<\/strong> ou Bordeaux, \u00e0 cause de la demande, du trafic, et du co\u00fbt de la main-d\u2019\u0153uvre. On a m\u00eame vu, \u00e0 l\u2019occasion d\u2019un grand \u00e9v\u00e9nement sportif \u00e0 Nice, les tarifs s\u2019envoler pour tout le secteur\u202f! Ce n\u2019est pas de l\u2019abus\u202f: c\u2019est l\u2019effet disponibilit\u00e9 et saison. Votre itin\u00e9raire \u2013 simple transfert, circuit touristique sur plusieurs \u00e9tapes ou grand tour en r\u00e9gion \u00cele-de-France \u2013 d\u00e9terminera le forfait adapt\u00e9 et le devis TTC qui va avec.<\/p>\n\n\n\n<h3 class=\"wp-block-heading\">Options \u00e0 la carte\u202f: faut-il c\u00e9der \u00e0 la tentation\u202f?<\/h3>\n\n\n\n<p>L\u00e0, on le dit sans d\u00e9tour\u202f: chaque suppl\u00e9ment (wifi premium, service VIP, boissons fra\u00eeches \u00e0 disposition, accueil personnalis\u00e9 en gare ou a\u00e9roport) vient s\u2019ajouter au forfait de base. Certains d\u2019entre vous veulent le grand luxe, d\u2019autres pr\u00e9f\u00e8rent un service efficace, de qualit\u00e9, mais sans chichi. Exigez que tout soit mis au clair d\u00e8s le devis\u202f: on s\u2019engage toujours \u00e0 proposer des options transparentes pour une satisfaction totale.<\/p>\n\n\n\n<h2 class=\"wp-block-heading\">Les prix location van avec chauffeur\u202f: quelles gammes selon la ville et la dur\u00e9e\u202f?<\/h2>\n\n\n\n<p>Chez nous, la grille tarifaire, c\u2019est un engagement de transparence. Nous voulons que vous puissiez anticiper, comparer, d\u00e9cider en toute connaissance de cause. Y a-t-il une diff\u00e9rence marqu\u00e9e selon que vous optiez pour un van \u00e0 Paris, \u00e0 Nantes ou \u00e0 Nice\u202f? Jugez par vous-m\u00eame\u202f:<\/p>\n\n\n\n<figure class=\"wp-block-table\"><table class=\"has-fixed-layout\"><thead><tr><th>Ville<\/th><th>Type de van<\/th><th>Prix pour 1 heure<\/th><th>Prix pour demi-journ\u00e9e<\/th><th>Prix pour journ\u00e9e<\/th><\/tr><\/thead><tbody><tr><td>Paris<\/td><td>Mercedes Classe V Luxe (7 places)<\/td><td>110-130 \u20ac<\/td><td>350-400 \u20ac<\/td><td>600-900 \u20ac<\/td><\/tr><tr><td>Nantes<\/td><td>Van Premium (8 places)<\/td><td>90-110 \u20ac<\/td><td>300-350 \u20ac<\/td><td>500-800 \u20ac<\/td><\/tr><tr><td>Nice<\/td><td>Minibus Luxe (15 places)<\/td><td>130-150 \u20ac<\/td><td>420-480 \u20ac<\/td><td>750-1100 \u20ac<\/td><\/tr><\/tbody><\/table><\/figure>\n\n\n\n<p>\u00c0 votre avis\u202f: quelle destination privil\u00e9gier pour votre prochain \u00e9v\u00e9nement\u202f? L\u2019\u00e9t\u00e9, pendant les festivals, nous avons constat\u00e9 une nette hausse des prix \u00e0 Nice et Paris \u2013 pensez donc \u00e0 r\u00e9server t\u00f4t pour profiter d\u2019un meilleur prix location et d\u2019une large disponibilit\u00e9\u202f!<\/p>\n\n\n\n<h3 class=\"wp-block-heading\">Qu\u2019est-ce qui est toujours compris dans nos forfaits\u202f?<\/h3>\n\n\n\n<p>On veut que tout soit simple\u202f: le forfait, \u00e0 la journ\u00e9e ou demi-journ\u00e9e, inclut votre chauffeur priv\u00e9, un volume clair de kilom\u00e8tres, l\u2019assurance, les p\u00e9ages, le carburant, l\u2019accueil personnalis\u00e9 et l\u2019assistance bagages. <strong>Pas de co\u00fbt cach\u00e9\u202f: tout est annonc\u00e9 dans votre devis, y compris la gestion courtoisie ou les boissons standards embarqu\u00e9es.<\/strong><\/p>\n\n\n\n<p>Rien ne vous oblige \u00e0 choisir le pack luxe\u202f: c\u2019est \u00e0 vous de voir si vous voulez ajouter wifi, services VIP, rafra\u00eechissements et prestations premium. Pour certains, c\u2019est la cerise sur le g\u00e2teau\u202f; pour d\u2019autres, l\u2019essentiel est d\u00e9j\u00e0 l\u00e0 dans l\u2019offre standard. \u00c0 chaque profil, son circuit sur-mesure\u202f!<\/p>\n\n\n\n<h3 class=\"wp-block-heading\">Focus sur les prestations compl\u00e9mentaires\u202f: est-ce vraiment utile\u202f?<\/h3>\n\n\n\n<figure class=\"wp-block-table\"><table class=\"has-fixed-layout\"><thead><tr><th>Option ou service<\/th><th>Prix moyen<\/th><th>Description<\/th><\/tr><\/thead><tbody><tr><td>Attente au-del\u00e0 du forfait<\/td><td>50 \u20ac\/heure<\/td><td>Facturation en prolongation de la dur\u00e9e initiale<\/td><\/tr><tr><td>Transfert de nuit (22h-6h)<\/td><td>+25 % du prix<\/td><td>Majoration pour service en horaires nocturnes<\/td><\/tr><tr><td>Accueil en gare\/a\u00e9roport<\/td><td>30-60 \u20ac<\/td><td>Pancarte nominative, assistance bagages<\/td><\/tr><tr><td>Options luxe (wifi, boissons, VIP\u2026)<\/td><td>Sur devis<\/td><td>Personnalisation totale de l\u2019exp\u00e9rience passager<\/td><\/tr><\/tbody><\/table><\/figure>\n\n\n\n<p>On aime toujours adapter l\u2019offre \u00e0 votre besoin r\u00e9el. Est-il n\u00e9cessaire d\u2019opter pour tous les extras\u202f? Prenez le temps de hi\u00e9rarchiser vos priorit\u00e9s, assistez-vous de nos experts pour ajuster votre devis, et n\u2019oubliez pas\u202f: chaque ajout se refl\u00e8tera sur le prix global.<\/p>\n\n\n\n<h2 class=\"wp-block-heading\">Comment r\u00e9server facilement et \u00e9viter les pi\u00e8ges d\u2019une location van avec chauffeur\u202f?<\/h2>\n\n\n\n<p>Ce qui compte pour nous\u202f: vous permettre de tout r\u00e9server, comparer, adapter, depuis chez vous dans les meilleures conditions. Comment \u00e7a se passe concr\u00e8tement\u202f?<\/p>\n\n\n\n<h3 class=\"wp-block-heading\">La r\u00e9servation, c\u2019est compliqu\u00e9 ou \u00e7a peut \u00eatre simple\u202f?<\/h3>\n\n\n\n<p>On a tout optimis\u00e9 pour vous\u202f: demande de devis rapide depuis notre plateforme, contact imm\u00e9diat avec notre standard, simulation de prix selon votre destination, vos horaires, votre effectif. Vous voulez une exp\u00e9rience 100% personnalis\u00e9e, paiement s\u00e9curis\u00e9, confirmation en une minute\u202f? C\u2019est notre force. Apr\u00e8s des dizaines de r\u00e9servations pilot\u00e9es avec des d\u00e9parts express pour Orly ou Bordeaux, on le sait\u202f: il vous faut un interlocuteur fiable, r\u00e9actif, disponible pour la moindre question \u2013 horaires, nombre de places, fonction du v\u00e9hicule, circuit \u00e0 la demande\u2026 L\u2019\u00e9quipe, c\u2019est vous et nous, en permanence connect\u00e9s pour assurer le service parfait.<\/p>\n\n\n\n<h3 class=\"wp-block-heading\">Qu\u2019est-ce qu\u2019on v\u00e9rifie syst\u00e9matiquement avant tout engagement\u202f?<\/h3>\n\n\n\n<p>On y tient\u202f: toujours lire en d\u00e9tail chaque clause du contrat de r\u00e9servation. On regarde ensemble la dur\u00e9e r\u00e9elle de la prestation, le nombre de kilom\u00e8tres compris, la politique d\u2019annulation, la modification de trajet ou l\u2019ajout d\u2019\u00e9tapes. Vous ne supportez pas les frais impr\u00e9vus\u202f? Nous non plus. D\u2019o\u00f9 notre transparence totale sur chaque point\u202f: garanties, franchise, modalit\u00e9s de paiement ou d\u2019acompte, conditions de report. Si c\u2019est flou, on r\u00e9\u00e9crit, on pr\u00e9cise, on clarifie\u202f!<\/p>\n\n\n\n<ul class=\"wp-block-list\">\n<li><strong>Contrat r\u00e9dig\u00e9 noir sur blanc, pas de surprise sur l\u2019offre ou les extras.<\/strong><\/li>\n\n\n\n<li>R\u00e9putation et avis clients\u202f: on vous encourage \u00e0 v\u00e9rifier notre qualit\u00e9, \u00e0 consulter nos retours en ligne, \u00e0 voir nos photos de v\u00e9hicules et notre engagement formation s\u00e9curit\u00e9.<\/li>\n\n\n\n<li>Mise \u00e0 disposition de toute la gamme\u202f: van, minibus, autocar, en France et Europe \u2013 sur demande, selon la saisonnalit\u00e9, le type d\u2019\u00e9v\u00e9nement, ou l\u2019effectif participant.<\/li>\n<\/ul>\n\n\n\n<h3 class=\"wp-block-heading\">Comment choisir le meilleur partenaire pour votre budget et votre projet\u202f?<\/h3>\n\n\n\n<p>Notre astuce\u202f: toujours utiliser notre simulateur de devis, discuter avec nos conseillers, et comparer les offres en incluant les vraies options (transfert gare, sortie scolaire, s\u00e9minaire, solution transport entreprise, etc.). <strong>On privil\u00e9gie toujours une relation humaine, un r\u00e9seau professionnel engag\u00e9 sur le long terme et la meilleure qualit\u00e9 de service.<\/strong><\/p>\n\n\n\n<p>Et pour les pros de l\u2019organisation, sachez que l\u2019exp\u00e9rience fait toute la diff\u00e9rence\u202f: nos partenaires adaptent en direct leur offre, capacit\u00e9 de r\u00e9ponse, flexibilit\u00e9 et engagement. La performance n\u2019est rien sans lien, sans disponibilit\u00e9, ni capacit\u00e9 \u00e0 rassurer un client d\u2019abord soucieux de s\u00e9curit\u00e9 et de fiabilit\u00e9 pour son d\u00e9placement de groupe.<\/p>\n\n\n\n<h2 class=\"wp-block-heading\">Quelles sont les questions qui reviennent tout le temps (et les pi\u00e8ges \u00e0 \u00e9viter)\u202f?<\/h2>\n\n\n\n<p>On les entend tous les jours, ces questions\u202f: il faut verser un acompte\u202f? Les frais d\u2019annulation sont-ils \u00e9lev\u00e9s\u202f? On a le droit de changer l\u2019itin\u00e9raire\u202f? Tout est pr\u00e9vu dans le forfait\u202f? \u00c0 chaque interrogation, notre r\u00e8gle d\u2019or\u202f: r\u00e9pondre en toute transparence. Vous voulez savoir si la location minivan, autocar ou van de luxe est le meilleur forfait pour vos besoins\u202f? Notre r\u00e9ponse d\u00e9pend de votre projet \u2013 mariage, circuit touristique, grand d\u00e9placement Europe, etc. Osez demander la politique de remboursement, de report, la d\u00e9livrance d\u2019un contrat et la flexibilit\u00e9 sur les horaires.<\/p>\n\n\n\n<h3 class=\"wp-block-heading\">Quels pi\u00e8ges \u00e9viter dans les devis\u202f?<\/h3>\n\n\n\n<p>On a tous eu cette mauvaise surprise\u202f: attente factur\u00e9e au-del\u00e0 du forfait, suppl\u00e9ment pour un d\u00e9tour de derni\u00e8re minute, majoration pour un petit extra jamais \u00e9voqu\u00e9 sur le devis initial\u2026 Notre conseil, c\u2019est de tout valider \u00e0 l\u2019avance. Exigez la pleine transparence sur le prix TTC de chaque service, et faites-vous toujours d\u00e9tailler la ventilation des options. Chez nous, on pr\u00e9f\u00e8re refuser une prestation mal cadr\u00e9e que d\u00e9cevoir un client ou voir sa satisfaction entach\u00e9e. Vous partagez cette exigence de clart\u00e9\u202f?<\/p>\n\n\n\n<h3 class=\"wp-block-heading\">Comment choisir en toute s\u00e9curit\u00e9\u202f?<\/h3>\n\n\n\n<p>Pour notre \u00e9quipe, pas de compromis\u202f: seule une soci\u00e9t\u00e9 certifi\u00e9e, disposant de la carte professionnelle et d\u2019avis clients certifi\u00e9s, m\u00e9rite votre confiance. Les compagnons de route honn\u00eates, ce sont ceux qui affichent leur r\u00e9seau, leurs solutions sur mesure et la tra\u00e7abilit\u00e9 GPS des v\u00e9hicules et chauffeurs. Notre engagement, c\u2019est une disponibilit\u00e9 24\/24, une ligne directe pour tout impr\u00e9vu, et la possibilit\u00e9 d\u2019un suivi de la prestation, de bout en bout.<\/p>\n\n\n\n<p>Vous h\u00e9sitez encore\u202f? Un dernier t\u00e9moignage\u202f: r\u00e9cemment, une famille partie pour une sortie sur les ch\u00e2teaux de la Loire nous a confi\u00e9 le transport de dix-sept personnes avec circuit \u00e0 la carte en v\u00e9hicule premium. La phrase qui est revenue au retour\u202f? \u00ab\u00a0Vous nous avez offert la s\u00e9r\u00e9nit\u00e9 qu\u2019on esp\u00e9rait pour ce grand jour. Tout a roul\u00e9, et le chauffeur a \u00e9t\u00e9 notre meilleur alli\u00e9 du d\u00e9but \u00e0 la fin.\u00a0\u00bb Pour nous, c\u2019est \u00e7a, le vrai service.<\/p>\n\n\n\n<p><strong>Et vous, \u00e0 quoi ressemblerait votre prochaine exp\u00e9rience de location de van avec chauffeur\u202f? On est l\u00e0 pour en parler, \u00e9changer, accompagner, et vous donner toutes les cl\u00e9s pour choisir en toute confiance.<\/strong><\/p>\n\n\n\n<h2 class=\"wp-block-heading\">Nos r\u00e9ponses concernant le prix de la location d&rsquo;un van avec chauffeur<\/h2>\n\n\n\n<h3 class=\"wp-block-heading\">Quel est le prix d&rsquo;une location de van ?<\/h3>\n\n\n\n<p>Le prix d&rsquo;une location de van avec chauffeur \u00e0 Paris varie selon la dur\u00e9e, le type de v\u00e9hicule, le trajet, et la mise \u00e0 disposition. Pour un van Mercedes Classe V, comptez un tarif TTC entre 280\u202f\u20ac et 600\u202f\u20ac la journ\u00e9e. Demandez un devis rapide, tout est inclus, m\u00eame le confort !<\/p>\n\n\n\n<h3 class=\"wp-block-heading\">Comment r\u00e9server un van avec chauffeur ?<\/h3>\n\n\n\n<p>Pour r\u00e9server un van avec chauffeur, rien de plus simple : une plateforme claire, votre destination (CDG, Orly, ch\u00e2teau, mus\u00e9e du Louvre\u2026), une plage horaire, et hop, votre chauffeur professionnel est pr\u00eat. \u00c0 Paris, Nantes ou Bruxelles, chaque r\u00e9servation est fluide. Contactez-nous, on s\u2019occupe de tout.<\/p>\n\n\n\n<h3 class=\"wp-block-heading\">Quels types de v\u00e9hicules sont disponibles ?<\/h3>\n\n\n\n<p>De la berline haut de gamme \u00e0 l\u2019autocar grand tourisme, vous pouvez louer un minibus, un Sprinter VIP, ou un minivan Mercedes Classe V avec chauffeur priv\u00e9. Pour une sortie scolaire, un s\u00e9minaire ou un transfert gare, chaque v\u00e9hicule avec chauffeur s\u2019adapte au nombre de passagers et \u00e0 vos besoins.<\/p>\n\n\n\n<h3 class=\"wp-block-heading\">Quels services inclut la location ?<\/h3>\n\n\n\n<p>Avec notre service chauffeur Paris, vous b\u00e9n\u00e9ficiez d\u2019une mise \u00e0 disposition compl\u00e8te : chauffeur professionnel, carte, forfait TTC, r\u00e9seau s\u00e9curis\u00e9, disponibilit\u00e9 sur demande, transfert a\u00e9roport, visite touristique, circuits en France ou en Europe, tout est inclus. On parle ici de qualit\u00e9, de satisfaction\u2026 et de service sur mesure.<\/p>\n\n\n\n<h3 class=\"wp-block-heading\">Comment comparer les prix de location ?<\/h3>\n\n\n\n<p>Comparer les prix, c\u2019est une \u00e9tape essentielle. Regardez le nombre de places, la dur\u00e9e du trajet, le type de v\u00e9hicule, les services inclus, et la qualit\u00e9 du chauffeur. Entre Paris, Lyon, Marseille ou Bordeaux, chaque forfait TTC a son devis. Cherchez le meilleur prix, pas le plus cher.<\/p>\n\n\n\n<h3 class=\"wp-block-heading\">Quels sont les avis sur les chauffeurs ?<\/h3>\n\n\n\n<p>Les avis sur nos chauffeurs \u00e0 Paris, franchement, ils font plaisir \u00e0 lire. On y parle de ponctualit\u00e9, de confort, d\u2019exp\u00e9rience haut de gamme, et de cette discr\u00e9tion professionnelle qui fait toute la diff\u00e9rence. Sur chaque trajet, que ce soit un transfert Roissy ou une journ\u00e9e en Loire, le service chauffeur est not\u00e9 5 \u00e9toiles.<\/p>\n\n\n\n<h3 class=\"wp-block-heading\">Quels sont les tarifs pour un transfert a\u00e9roport ?<\/h3>\n\n\n\n<p>Un transfert a\u00e9roport CDG, Orly ou m\u00eame province, avec chauffeur, co\u00fbte entre 80\u202f\u20ac et 180\u202f\u20ac selon le v\u00e9hicule, la distance, l\u2019heure et le nombre de personnes. En Mercedes Classe V, ou en minivan VIP, tout est inclus TTC. Pour un trajet parisien, on vous trouve le meilleur tarif.<\/p>\n","protected":false},"excerpt":{"rendered":"<p>Quand on parle de libert\u00e9, de confort, de d\u00e9placements sans aucun stress \u00e0 Paris, dans toute la r\u00e9gion \u00cele-de-France ou ailleurs en France, pourquoi ne pas se tourner vers la location de van avec chauffeur\u202f? Avec notre \u00e9quipe passionn\u00e9e de service, on l\u2019a remarqu\u00e9\u202f: vous \u00eates de plus en plus nombreux \u00e0 rechercher l\u2019exp\u00e9rience d\u2019un [&hellip;]<\/p>\n","protected":false},"author":1,"featured_media":6818,"comment_status":"closed","ping_status":"open","sticky":false,"template":"","format":"standard","meta":{"_acf_changed":false,"footnotes":""},"categories":[1],"tags":[],"class_list":["post-6817","post","type-post","status-publish","format-standard","has-post-thumbnail","hentry","category-news"],"acf":[],"yoast_head":"<!-- This site is optimized with the Yoast SEO plugin v27.4 - https:\/\/yoast.com\/product\/yoast-seo-wordpress\/ -->\n<title>Location van avec chauffeur prix : tarifs, offres et conseils<\/title>\n<meta name=\"description\" content=\"Location van avec chauffeur : prix, formules, crit\u00e8res et conseils pour r\u00e9server sereinement. Points cl\u00e9s pour comparer offres et \u00e9viter les frais cach\u00e9s.\" \/>\n<meta name=\"robots\" content=\"index, follow, max-snippet:-1, max-image-preview:large, max-video-preview:-1\" \/>\n<link rel=\"canonical\" href=\"https:\/\/www.transfers-vip.com\/fr\/location-dun-van-avec-chauffeur-les-prix-a-connaitre-avant-de-reserver\/\" \/>\n<meta property=\"og:locale\" content=\"fr_FR\" \/>\n<meta property=\"og:type\" content=\"article\" \/>\n<meta property=\"og:title\" content=\"Location van avec chauffeur prix : tarifs, offres et conseils\" \/>\n<meta property=\"og:description\" content=\"Location van avec chauffeur : prix, formules, crit\u00e8res et conseils pour r\u00e9server sereinement. Points cl\u00e9s pour comparer offres et \u00e9viter les frais cach\u00e9s.\" \/>\n<meta property=\"og:url\" content=\"https:\/\/www.transfers-vip.com\/fr\/location-dun-van-avec-chauffeur-les-prix-a-connaitre-avant-de-reserver\/\" \/>\n<meta property=\"og:site_name\" content=\"vip-transferts\" \/>\n<meta property=\"article:published_time\" content=\"2025-06-10T12:28:05+00:00\" \/>\n<meta property=\"article:modified_time\" content=\"2025-07-11T12:32:47+00:00\" \/>\n<meta property=\"og:image\" content=\"https:\/\/www.transfers-vip.com\/wp-content\/uploads\/2025\/07\/Location-dun-van-avec-chauffeur-les-prix-a-connaitre-avant-de-reserver.webp\" \/>\n\t<meta property=\"og:image:width\" content=\"2016\" \/>\n\t<meta property=\"og:image:height\" content=\"1152\" \/>\n\t<meta property=\"og:image:type\" content=\"image\/webp\" \/>\n<meta name=\"author\" content=\"vip_transferts_nprod_fr\" \/>\n<meta name=\"twitter:card\" content=\"summary_large_image\" \/>\n<meta name=\"twitter:label1\" content=\"\u00c9crit par\" \/>\n\t<meta name=\"twitter:data1\" content=\"vip_transferts_nprod_fr\" \/>\n\t<meta name=\"twitter:label2\" content=\"Dur\u00e9e de lecture estim\u00e9e\" \/>\n\t<meta name=\"twitter:data2\" content=\"14 minutes\" \/>\n<script type=\"application\/ld+json\" class=\"yoast-schema-graph\">{\"@context\":\"https:\\\/\\\/schema.org\",\"@graph\":[{\"@type\":\"Article\",\"@id\":\"https:\\\/\\\/www.transfers-vip.com\\\/fr\\\/location-dun-van-avec-chauffeur-les-prix-a-connaitre-avant-de-reserver\\\/#article\",\"isPartOf\":{\"@id\":\"https:\\\/\\\/www.transfers-vip.com\\\/fr\\\/location-dun-van-avec-chauffeur-les-prix-a-connaitre-avant-de-reserver\\\/\"},\"author\":{\"name\":\"vip_transferts_nprod_fr\",\"@id\":\"https:\\\/\\\/www.transfers-vip.com\\\/fr\\\/#\\\/schema\\\/person\\\/09d8497a1c94fe743e4e0cb6ef9fe01e\"},\"headline\":\"Location d&rsquo;un van avec chauffeur : les prix \u00e0 conna\u00eetre avant de r\u00e9server\",\"datePublished\":\"2025-06-10T12:28:05+00:00\",\"dateModified\":\"2025-07-11T12:32:47+00:00\",\"mainEntityOfPage\":{\"@id\":\"https:\\\/\\\/www.transfers-vip.com\\\/fr\\\/location-dun-van-avec-chauffeur-les-prix-a-connaitre-avant-de-reserver\\\/\"},\"wordCount\":3402,\"publisher\":{\"@id\":\"https:\\\/\\\/www.transfers-vip.com\\\/fr\\\/#organization\"},\"image\":{\"@id\":\"https:\\\/\\\/www.transfers-vip.com\\\/fr\\\/location-dun-van-avec-chauffeur-les-prix-a-connaitre-avant-de-reserver\\\/#primaryimage\"},\"thumbnailUrl\":\"https:\\\/\\\/www.transfers-vip.com\\\/wp-content\\\/uploads\\\/2025\\\/07\\\/Location-dun-van-avec-chauffeur-les-prix-a-connaitre-avant-de-reserver.webp\",\"articleSection\":[\"News\"],\"inLanguage\":\"fr-FR\"},{\"@type\":\"WebPage\",\"@id\":\"https:\\\/\\\/www.transfers-vip.com\\\/fr\\\/location-dun-van-avec-chauffeur-les-prix-a-connaitre-avant-de-reserver\\\/\",\"url\":\"https:\\\/\\\/www.transfers-vip.com\\\/fr\\\/location-dun-van-avec-chauffeur-les-prix-a-connaitre-avant-de-reserver\\\/\",\"name\":\"Location van avec chauffeur prix : tarifs, offres et conseils\",\"isPartOf\":{\"@id\":\"https:\\\/\\\/www.transfers-vip.com\\\/fr\\\/#website\"},\"primaryImageOfPage\":{\"@id\":\"https:\\\/\\\/www.transfers-vip.com\\\/fr\\\/location-dun-van-avec-chauffeur-les-prix-a-connaitre-avant-de-reserver\\\/#primaryimage\"},\"image\":{\"@id\":\"https:\\\/\\\/www.transfers-vip.com\\\/fr\\\/location-dun-van-avec-chauffeur-les-prix-a-connaitre-avant-de-reserver\\\/#primaryimage\"},\"thumbnailUrl\":\"https:\\\/\\\/www.transfers-vip.com\\\/wp-content\\\/uploads\\\/2025\\\/07\\\/Location-dun-van-avec-chauffeur-les-prix-a-connaitre-avant-de-reserver.webp\",\"datePublished\":\"2025-06-10T12:28:05+00:00\",\"dateModified\":\"2025-07-11T12:32:47+00:00\",\"description\":\"Location van avec chauffeur : prix, formules, crit\u00e8res et conseils pour r\u00e9server sereinement. Points cl\u00e9s pour comparer offres et \u00e9viter les frais cach\u00e9s.\",\"breadcrumb\":{\"@id\":\"https:\\\/\\\/www.transfers-vip.com\\\/fr\\\/location-dun-van-avec-chauffeur-les-prix-a-connaitre-avant-de-reserver\\\/#breadcrumb\"},\"inLanguage\":\"fr-FR\",\"potentialAction\":[{\"@type\":\"ReadAction\",\"target\":[\"https:\\\/\\\/www.transfers-vip.com\\\/fr\\\/location-dun-van-avec-chauffeur-les-prix-a-connaitre-avant-de-reserver\\\/\"]}]},{\"@type\":\"ImageObject\",\"inLanguage\":\"fr-FR\",\"@id\":\"https:\\\/\\\/www.transfers-vip.com\\\/fr\\\/location-dun-van-avec-chauffeur-les-prix-a-connaitre-avant-de-reserver\\\/#primaryimage\",\"url\":\"https:\\\/\\\/www.transfers-vip.com\\\/wp-content\\\/uploads\\\/2025\\\/07\\\/Location-dun-van-avec-chauffeur-les-prix-a-connaitre-avant-de-reserver.webp\",\"contentUrl\":\"https:\\\/\\\/www.transfers-vip.com\\\/wp-content\\\/uploads\\\/2025\\\/07\\\/Location-dun-van-avec-chauffeur-les-prix-a-connaitre-avant-de-reserver.webp\",\"width\":2016,\"height\":1152},{\"@type\":\"BreadcrumbList\",\"@id\":\"https:\\\/\\\/www.transfers-vip.com\\\/fr\\\/location-dun-van-avec-chauffeur-les-prix-a-connaitre-avant-de-reserver\\\/#breadcrumb\",\"itemListElement\":[{\"@type\":\"ListItem\",\"position\":1,\"name\":\"Home\",\"item\":\"https:\\\/\\\/www.transfers-vip.com\\\/fr\\\/\"},{\"@type\":\"ListItem\",\"position\":2,\"name\":\"Location d&#8217;un van avec chauffeur : les prix \u00e0 conna\u00eetre avant de r\u00e9server\"}]},{\"@type\":\"WebSite\",\"@id\":\"https:\\\/\\\/www.transfers-vip.com\\\/fr\\\/#website\",\"url\":\"https:\\\/\\\/www.transfers-vip.com\\\/fr\\\/\",\"name\":\"vip-transferts\",\"description\":\"\",\"publisher\":{\"@id\":\"https:\\\/\\\/www.transfers-vip.com\\\/fr\\\/#organization\"},\"potentialAction\":[{\"@type\":\"SearchAction\",\"target\":{\"@type\":\"EntryPoint\",\"urlTemplate\":\"https:\\\/\\\/www.transfers-vip.com\\\/fr\\\/?s={search_term_string}\"},\"query-input\":{\"@type\":\"PropertyValueSpecification\",\"valueRequired\":true,\"valueName\":\"search_term_string\"}}],\"inLanguage\":\"fr-FR\"},{\"@type\":\"Organization\",\"@id\":\"https:\\\/\\\/www.transfers-vip.com\\\/fr\\\/#organization\",\"name\":\"vip-transferts\",\"url\":\"https:\\\/\\\/www.transfers-vip.com\\\/fr\\\/\",\"logo\":{\"@type\":\"ImageObject\",\"inLanguage\":\"fr-FR\",\"@id\":\"https:\\\/\\\/www.transfers-vip.com\\\/fr\\\/#\\\/schema\\\/logo\\\/image\\\/\",\"url\":\"https:\\\/\\\/www.transfers-vip.com\\\/wp-content\\\/uploads\\\/2024\\\/04\\\/Logo-Small@-blck.png\",\"contentUrl\":\"https:\\\/\\\/www.transfers-vip.com\\\/wp-content\\\/uploads\\\/2024\\\/04\\\/Logo-Small@-blck.png\",\"width\":300,\"height\":300,\"caption\":\"vip-transferts\"},\"image\":{\"@id\":\"https:\\\/\\\/www.transfers-vip.com\\\/fr\\\/#\\\/schema\\\/logo\\\/image\\\/\"}},{\"@type\":\"Person\",\"@id\":\"https:\\\/\\\/www.transfers-vip.com\\\/fr\\\/#\\\/schema\\\/person\\\/09d8497a1c94fe743e4e0cb6ef9fe01e\",\"name\":\"vip_transferts_nprod_fr\",\"image\":{\"@type\":\"ImageObject\",\"inLanguage\":\"fr-FR\",\"@id\":\"https:\\\/\\\/secure.gravatar.com\\\/avatar\\\/a9fa1916415d1e1a434814e4be35b4236e15523a831d9d86243d33ba676b36e1?s=96&d=mm&r=g\",\"url\":\"https:\\\/\\\/secure.gravatar.com\\\/avatar\\\/a9fa1916415d1e1a434814e4be35b4236e15523a831d9d86243d33ba676b36e1?s=96&d=mm&r=g\",\"contentUrl\":\"https:\\\/\\\/secure.gravatar.com\\\/avatar\\\/a9fa1916415d1e1a434814e4be35b4236e15523a831d9d86243d33ba676b36e1?s=96&d=mm&r=g\",\"caption\":\"vip_transferts_nprod_fr\"},\"sameAs\":[\"https:\\\/\\\/www.transfers-vip.com\"]}]}<\/script>\n<!-- \/ Yoast SEO plugin. -->","yoast_head_json":{"title":"Location van avec chauffeur prix : tarifs, offres et conseils","description":"Location van avec chauffeur : prix, formules, crit\u00e8res et conseils pour r\u00e9server sereinement. Points cl\u00e9s pour comparer offres et \u00e9viter les frais cach\u00e9s.","robots":{"index":"index","follow":"follow","max-snippet":"max-snippet:-1","max-image-preview":"max-image-preview:large","max-video-preview":"max-video-preview:-1"},"canonical":"https:\/\/www.transfers-vip.com\/fr\/location-dun-van-avec-chauffeur-les-prix-a-connaitre-avant-de-reserver\/","og_locale":"fr_FR","og_type":"article","og_title":"Location van avec chauffeur prix : tarifs, offres et conseils","og_description":"Location van avec chauffeur : prix, formules, crit\u00e8res et conseils pour r\u00e9server sereinement. Points cl\u00e9s pour comparer offres et \u00e9viter les frais cach\u00e9s.","og_url":"https:\/\/www.transfers-vip.com\/fr\/location-dun-van-avec-chauffeur-les-prix-a-connaitre-avant-de-reserver\/","og_site_name":"vip-transferts","article_published_time":"2025-06-10T12:28:05+00:00","article_modified_time":"2025-07-11T12:32:47+00:00","og_image":[{"width":2016,"height":1152,"url":"https:\/\/www.transfers-vip.com\/wp-content\/uploads\/2025\/07\/Location-dun-van-avec-chauffeur-les-prix-a-connaitre-avant-de-reserver.webp","type":"image\/webp"}],"author":"vip_transferts_nprod_fr","twitter_card":"summary_large_image","twitter_misc":{"\u00c9crit par":"vip_transferts_nprod_fr","Dur\u00e9e de lecture estim\u00e9e":"14 minutes"},"schema":{"@context":"https:\/\/schema.org","@graph":[{"@type":"Article","@id":"https:\/\/www.transfers-vip.com\/fr\/location-dun-van-avec-chauffeur-les-prix-a-connaitre-avant-de-reserver\/#article","isPartOf":{"@id":"https:\/\/www.transfers-vip.com\/fr\/location-dun-van-avec-chauffeur-les-prix-a-connaitre-avant-de-reserver\/"},"author":{"name":"vip_transferts_nprod_fr","@id":"https:\/\/www.transfers-vip.com\/fr\/#\/schema\/person\/09d8497a1c94fe743e4e0cb6ef9fe01e"},"headline":"Location d&rsquo;un van avec chauffeur : les prix \u00e0 conna\u00eetre avant de r\u00e9server","datePublished":"2025-06-10T12:28:05+00:00","dateModified":"2025-07-11T12:32:47+00:00","mainEntityOfPage":{"@id":"https:\/\/www.transfers-vip.com\/fr\/location-dun-van-avec-chauffeur-les-prix-a-connaitre-avant-de-reserver\/"},"wordCount":3402,"publisher":{"@id":"https:\/\/www.transfers-vip.com\/fr\/#organization"},"image":{"@id":"https:\/\/www.transfers-vip.com\/fr\/location-dun-van-avec-chauffeur-les-prix-a-connaitre-avant-de-reserver\/#primaryimage"},"thumbnailUrl":"https:\/\/www.transfers-vip.com\/wp-content\/uploads\/2025\/07\/Location-dun-van-avec-chauffeur-les-prix-a-connaitre-avant-de-reserver.webp","articleSection":["News"],"inLanguage":"fr-FR"},{"@type":"WebPage","@id":"https:\/\/www.transfers-vip.com\/fr\/location-dun-van-avec-chauffeur-les-prix-a-connaitre-avant-de-reserver\/","url":"https:\/\/www.transfers-vip.com\/fr\/location-dun-van-avec-chauffeur-les-prix-a-connaitre-avant-de-reserver\/","name":"Location van avec chauffeur prix : tarifs, offres et conseils","isPartOf":{"@id":"https:\/\/www.transfers-vip.com\/fr\/#website"},"primaryImageOfPage":{"@id":"https:\/\/www.transfers-vip.com\/fr\/location-dun-van-avec-chauffeur-les-prix-a-connaitre-avant-de-reserver\/#primaryimage"},"image":{"@id":"https:\/\/www.transfers-vip.com\/fr\/location-dun-van-avec-chauffeur-les-prix-a-connaitre-avant-de-reserver\/#primaryimage"},"thumbnailUrl":"https:\/\/www.transfers-vip.com\/wp-content\/uploads\/2025\/07\/Location-dun-van-avec-chauffeur-les-prix-a-connaitre-avant-de-reserver.webp","datePublished":"2025-06-10T12:28:05+00:00","dateModified":"2025-07-11T12:32:47+00:00","description":"Location van avec chauffeur : prix, formules, crit\u00e8res et conseils pour r\u00e9server sereinement. Points cl\u00e9s pour comparer offres et \u00e9viter les frais cach\u00e9s.","breadcrumb":{"@id":"https:\/\/www.transfers-vip.com\/fr\/location-dun-van-avec-chauffeur-les-prix-a-connaitre-avant-de-reserver\/#breadcrumb"},"inLanguage":"fr-FR","potentialAction":[{"@type":"ReadAction","target":["https:\/\/www.transfers-vip.com\/fr\/location-dun-van-avec-chauffeur-les-prix-a-connaitre-avant-de-reserver\/"]}]},{"@type":"ImageObject","inLanguage":"fr-FR","@id":"https:\/\/www.transfers-vip.com\/fr\/location-dun-van-avec-chauffeur-les-prix-a-connaitre-avant-de-reserver\/#primaryimage","url":"https:\/\/www.transfers-vip.com\/wp-content\/uploads\/2025\/07\/Location-dun-van-avec-chauffeur-les-prix-a-connaitre-avant-de-reserver.webp","contentUrl":"https:\/\/www.transfers-vip.com\/wp-content\/uploads\/2025\/07\/Location-dun-van-avec-chauffeur-les-prix-a-connaitre-avant-de-reserver.webp","width":2016,"height":1152},{"@type":"BreadcrumbList","@id":"https:\/\/www.transfers-vip.com\/fr\/location-dun-van-avec-chauffeur-les-prix-a-connaitre-avant-de-reserver\/#breadcrumb","itemListElement":[{"@type":"ListItem","position":1,"name":"Home","item":"https:\/\/www.transfers-vip.com\/fr\/"},{"@type":"ListItem","position":2,"name":"Location d&#8217;un van avec chauffeur : les prix \u00e0 conna\u00eetre avant de r\u00e9server"}]},{"@type":"WebSite","@id":"https:\/\/www.transfers-vip.com\/fr\/#website","url":"https:\/\/www.transfers-vip.com\/fr\/","name":"vip-transferts","description":"","publisher":{"@id":"https:\/\/www.transfers-vip.com\/fr\/#organization"},"potentialAction":[{"@type":"SearchAction","target":{"@type":"EntryPoint","urlTemplate":"https:\/\/www.transfers-vip.com\/fr\/?s={search_term_string}"},"query-input":{"@type":"PropertyValueSpecification","valueRequired":true,"valueName":"search_term_string"}}],"inLanguage":"fr-FR"},{"@type":"Organization","@id":"https:\/\/www.transfers-vip.com\/fr\/#organization","name":"vip-transferts","url":"https:\/\/www.transfers-vip.com\/fr\/","logo":{"@type":"ImageObject","inLanguage":"fr-FR","@id":"https:\/\/www.transfers-vip.com\/fr\/#\/schema\/logo\/image\/","url":"https:\/\/www.transfers-vip.com\/wp-content\/uploads\/2024\/04\/Logo-Small@-blck.png","contentUrl":"https:\/\/www.transfers-vip.com\/wp-content\/uploads\/2024\/04\/Logo-Small@-blck.png","width":300,"height":300,"caption":"vip-transferts"},"image":{"@id":"https:\/\/www.transfers-vip.com\/fr\/#\/schema\/logo\/image\/"}},{"@type":"Person","@id":"https:\/\/www.transfers-vip.com\/fr\/#\/schema\/person\/09d8497a1c94fe743e4e0cb6ef9fe01e","name":"vip_transferts_nprod_fr","image":{"@type":"ImageObject","inLanguage":"fr-FR","@id":"https:\/\/secure.gravatar.com\/avatar\/a9fa1916415d1e1a434814e4be35b4236e15523a831d9d86243d33ba676b36e1?s=96&d=mm&r=g","url":"https:\/\/secure.gravatar.com\/avatar\/a9fa1916415d1e1a434814e4be35b4236e15523a831d9d86243d33ba676b36e1?s=96&d=mm&r=g","contentUrl":"https:\/\/secure.gravatar.com\/avatar\/a9fa1916415d1e1a434814e4be35b4236e15523a831d9d86243d33ba676b36e1?s=96&d=mm&r=g","caption":"vip_transferts_nprod_fr"},"sameAs":["https:\/\/www.transfers-vip.com"]}]}},"_links":{"self":[{"href":"https:\/\/www.transfers-vip.com\/fr\/wp-json\/wp\/v2\/posts\/6817","targetHints":{"allow":["GET"]}}],"collection":[{"href":"https:\/\/www.transfers-vip.com\/fr\/wp-json\/wp\/v2\/posts"}],"about":[{"href":"https:\/\/www.transfers-vip.com\/fr\/wp-json\/wp\/v2\/types\/post"}],"author":[{"embeddable":true,"href":"https:\/\/www.transfers-vip.com\/fr\/wp-json\/wp\/v2\/users\/1"}],"replies":[{"embeddable":true,"href":"https:\/\/www.transfers-vip.com\/fr\/wp-json\/wp\/v2\/comments?post=6817"}],"version-history":[{"count":1,"href":"https:\/\/www.transfers-vip.com\/fr\/wp-json\/wp\/v2\/posts\/6817\/revisions"}],"predecessor-version":[{"id":6822,"href":"https:\/\/www.transfers-vip.com\/fr\/wp-json\/wp\/v2\/posts\/6817\/revisions\/6822"}],"wp:featuredmedia":[{"embeddable":true,"href":"https:\/\/www.transfers-vip.com\/fr\/wp-json\/wp\/v2\/media\/6818"}],"wp:attachment":[{"href":"https:\/\/www.transfers-vip.com\/fr\/wp-json\/wp\/v2\/media?parent=6817"}],"wp:term":[{"taxonomy":"category","embeddable":true,"href":"https:\/\/www.transfers-vip.com\/fr\/wp-json\/wp\/v2\/categories?post=6817"},{"taxonomy":"post_tag","embeddable":true,"href":"https:\/\/www.transfers-vip.com\/fr\/wp-json\/wp\/v2\/tags?post=6817"}],"curies":[{"name":"wp","href":"https:\/\/api.w.org\/{rel}","templated":true}]}}